{"id":1731,"date":"2013-11-25T21:11:58","date_gmt":"2013-11-25T19:11:58","guid":{"rendered":"http:\/\/loewin.de\/blog\/?p=1731"},"modified":"2014-10-10T12:16:05","modified_gmt":"2014-10-10T10:16:05","slug":"wollten-wir-das","status":"publish","type":"post","link":"https:\/\/www.loewin.de\/blog\/wollten-wir-das\/","title":{"rendered":"Wollten wir das?"},"content":{"rendered":"<p><b>Wollten wir das?<br \/>\n<\/b><\/p>\n<p>Wir waren 1989 demonstrieren. Und haben damit jedes Recht verwirkt, heute sagen zu k\u00f6nnen, dass es nicht richtig ist, was unser aktuelles Leben ausmacht. Zumindest kommt es mir so vor!<\/p>\n<p>Nein, wir demonstrieren nicht mehr.<\/p>\n<p>Aber ist es richtig, f\u00fcr weit unter dem aktuell geforderten Mindestlohn arbeiten zu gehen?<\/p>\n<p><!--more--><\/p>\n<p>Heute, 24 Jahre nach der \u201eWende\u201c, geht es den Meisten nicht gut!<\/p>\n<p>Haben wir das gewollt? D\u00fcrfen wir deswegen nicht dagegen sein?<\/p>\n<p>Wir wollten das System \u00e4ndern. Wie? Sollten alle Betriebe geschlossen werden? War unsere Wirtschaft wirklich so v\u00f6llig marode?<\/p>\n<p>Wir wollten reisen d\u00fcrfen! Das d\u00fcrfen wir heute.<\/p>\n<p>Wir wollten sagen d\u00fcrfen, was wir f\u00fcr richtig fanden. D\u00fcrfen wir das heute?<\/p>\n<p>&nbsp;<\/p>\n<p>Wir wollten angstfrei leben! Wie viel Angst haben wir heute?<\/p>\n<p>Angst um den, meist viel zu niedrig bezahlten, Job \u2026 Wie viel Angst haben wir heute, dass das so m\u00fchsam ersparte f\u00fcr die verordnete Rente nicht reicht?<\/p>\n<p>Diese Angst ist ein so gravierender Punkt, der mich so nachdenklich macht.<\/p>\n<p>Wollten wir diese Angst? Angst, dass die Mieten und Grundsteuern steigen, Angst, dass wir aus dem Job fliegen, Angst, dass es im Alter nicht reicht, Angst, dass wir die Bedingungen, um am \u201eLeben\u201c teilnehmen zu k\u00f6nnen, nicht erf\u00fcllen.<\/p>\n<p>&nbsp;<\/p>\n<p>Wollten wir, dass wir um die ethischen Werte wie die Nachbarschaftshilfte, die Freundlichkeit ohne Bedingungen, den Respekt und die Achtung \u2026, so ringen m\u00fcssen? Wollten wir das?<\/p>\n<p>&nbsp;<\/p>\n<p>Welche Schuld haben wir auf uns geladen, dass wir nach dem Kampf um unseren Willen, heute nichts mehr sagen d\u00fcrfen?<\/p>\n<p>&nbsp;<\/p>\n<p>D\u00fcrfen wir heute nicht mehr sagen (wollen), dass das aktuelle System menschenverachtend ist? D\u00fcrfen wir heute nicht (mehr) sagen, dass wir alle in Angst gehalten werden?<\/p>\n<p>&nbsp;<\/p>\n<p>Wie ist es bestellt um die die Achtung jedes einzelnen Menschen schon vor sich selbst?<\/p>\n<p>&nbsp;<\/p>\n<p>Kann ich mich, wenn ich mich selbst achte und mich mit all meinen Schw\u00e4chen und St\u00e4rken (bestimmt die eigentlich das Regime oder die Ethik jedes Menschen?) akzeptiere, so knebeln lassen?<\/p>\n<p>&nbsp;<\/p>\n<p>Haben wir das gewollt?<\/p>\n<p>&nbsp;<\/p>\n<p>Freiheit! Hei\u00dft Freiheit auch, mich an das zu erinnern, was ich wollte, als ich k\u00e4mpfte.<\/p>\n<p>&nbsp;<\/p>\n<p>Warum darf ich jetzt nicht weiter k\u00e4mpfen, wenn ich ein wenig davon erreicht habe?<\/p>\n<p>&nbsp;<\/p>\n<p>Ein wenig zu erreichen reicht nicht und l\u00e4dt keine Schuld auf mich!<\/p>\n<p>&nbsp;<\/p>\n<p>Geht es nicht um Schuld, um heute nichts mehr zu wollen?<\/p>\n<p>&nbsp;<\/p>\n<p>Wir haben demonstriert! Und was haben wir erreicht? D\u00fcrfen wir nicht sagen, dass wir DAS nicht gewollt haben?<\/p>\n<p>Und jetzt? Was machen wir?<\/p>\n","protected":false},"excerpt":{"rendered":"<p>Wollten wir das? Wir waren 1989 demonstrieren. Und haben damit jedes Recht verwirkt, heute sagen zu k\u00f6nnen, dass es nicht richtig ist, was unser aktuelles Leben ausmacht. Zumindest kommt es mir so vor! Nein, wir demonstrieren nicht mehr. Aber ist &hellip; <a href=\"https:\/\/www.loewin.de\/blog\/wollten-wir-das\/\">Weiterlesen <span class=\"meta-nav\">&rarr;<\/span><\/a><\/p>\n","protected":false},"author":1,"featured_media":0,"comment_status":"open","ping_status":"open","sticky":false,"template":"","format":"standard","meta":{"ngg_post_thumbnail":0},"categories":[1,8,106],"tags":[],"_links":{"self":[{"href":"https:\/\/www.loewin.de\/blog\/wp-json\/wp\/v2\/posts\/1731"}],"collection":[{"href":"https:\/\/www.loewin.de\/blog\/wp-json\/wp\/v2\/posts"}],"about":[{"href":"https:\/\/www.loewin.de\/blog\/wp-json\/wp\/v2\/types\/post"}],"author":[{"embeddable":true,"href":"https:\/\/www.loewin.de\/blog\/wp-json\/wp\/v2\/users\/1"}],"replies":[{"embeddable":true,"href":"https:\/\/www.loewin.de\/blog\/wp-json\/wp\/v2\/comments?post=1731"}],"version-history":[{"count":2,"href":"https:\/\/www.loewin.de\/blog\/wp-json\/wp\/v2\/posts\/1731\/revisions"}],"predecessor-version":[{"id":2358,"href":"https:\/\/www.loewin.de\/blog\/wp-json\/wp\/v2\/posts\/1731\/revisions\/2358"}],"wp:attachment":[{"href":"https:\/\/www.loewin.de\/blog\/wp-json\/wp\/v2\/media?parent=1731"}],"wp:term":[{"taxonomy":"category","embeddable":true,"href":"https:\/\/www.loewin.de\/blog\/wp-json\/wp\/v2\/categories?post=1731"},{"taxonomy":"post_tag","embeddable":true,"href":"https:\/\/www.loewin.de\/blog\/wp-json\/wp\/v2\/tags?post=1731"}],"curies":[{"name":"wp","href":"https:\/\/api.w.org\/{rel}","templated":true}]}}