{"id":2613,"date":"2015-04-16T14:20:26","date_gmt":"2015-04-16T12:20:26","guid":{"rendered":"http:\/\/loewin.de\/blog\/?p=2613"},"modified":"2015-04-26T12:50:03","modified_gmt":"2015-04-26T10:50:03","slug":"naturpark-luberon-mein-herz-dem-vaucluse-teil-2","status":"publish","type":"post","link":"https:\/\/www.loewin.de\/blog\/naturpark-luberon-mein-herz-dem-vaucluse-teil-2\/","title":{"rendered":"Naturpark Luberon &#8211; Mein Herz dem Vaucluse Teil 2"},"content":{"rendered":"<p>Samstags auf dem typisch provenzalischen Markt in Apt treffen sich Urlauber und Einwohner aus dem ganzen Luberon, dem Parc naturel r\u00e9gional du Luberon, in den unz\u00e4hligen Caf\u00e9s zu Kaffee, eisgek\u00fchltem Wei\u00dfwein und Pastis. In die meisten Bars und Caf\u00e9s bringt man das, was man zum Fr\u00fchst\u00fcck essen m\u00f6chte, aus einer der zahlreichen B\u00e4ckereien mit. Zu alkoholischen Getr\u00e4nken gibt es aber h\u00e4ufig kleine Snacks wie die Oliven der Region oder Brotscheibchen mit Tapenade oder Wurst. Der Markt zieht sich durch die gesamte Altstadt<\/p>\n<p><!--more--><\/p>\n<p>bis zu dem gro\u00dfen Parkplatz vor der Porte de Saignon, einem alten Stadttor. Das Angebot ist \u00fcberw\u00e4ltigend und reicht vom gesamten kulinarischen Repertoire der Region, \u00fcber alle m\u00f6glichen Souvenirs bis zu dem, was es f\u00fcr das Landleben so braucht.<\/p>\n<p>Der Nationalpark Luberon in der Provence ist noch wild und mythenumwoben, eine einmalige Gegend mitten in Europa mit vielf\u00e4ltigen Reliefs. Die gr\u00f6\u00dferen Orte wie <a href=\"http:\/\/de.wikipedia.org\/wiki\/Cavaillon\">Cavaillon<\/a>, <a href=\"http:\/\/de.wikipedia.org\/wiki\/Apt_%28Vaucluse%29\">Apt<\/a>, Pertuis, <a href=\"http:\/\/de.wikipedia.org\/wiki\/Manosque\">Manosque<\/a> und <a href=\"http:\/\/de.wikipedia.org\/wiki\/Forcalquier\">Forcalquier<\/a> bieten Abwechslung und Unterhaltung im s\u00fcdfranz\u00f6sischen Flair, dagegen sind viele abgelegene Orte auch im Sommer nicht \u00fcberlaufen und man kann lange wandern und Radfahren, ohne anderen zu begegnen.<\/p>\n<p>Abseits der gro\u00dfen St\u00e4dte und Touristenattraktionen k\u00f6nnen auf abgelegen Stra\u00dfen, Wegen und Pfaden malerische Bergd\u00f6rfer, duftende Lavendelfelder, weite Olivenhaine, endlose Weinberge und ber\u00fchmte Weing\u00fcter besichtigt werden.<\/p>\n<p>Immer wieder atemberaubend sind die mitunter unerwarteten grandiosen Aussichten im Naturpark Luberon. Die h\u00f6chste Erhebung ist der Mourre N\u00e8gre mit 1125 Meter, schon von Marcel Pagnol beschrieben und auch heute weitestgehend unbebaut. Garique hei\u00dft der Bewuchs, der zum gr\u00f6\u00dften Teil aus Eichen, Rosmarin und anderen wilden Kr\u00e4utern besteht. Auf dem Kamm des Grand Luberon ist eine f\u00fcr den motorisierten Verkehr gesperrte Stra\u00dfe, auf der man sehr gut wandern und Rad fahren kann und, wenn es doch mal sehr hei\u00df ist, bei einem Bad im \u00c8tang de la Bonde, dem mit 30 Hektar gr\u00f6\u00dfte Wasserfl\u00e4che des Luberon-Regionalparks an der S\u00fcdflanke, die n\u00f6tige Abk\u00fchlung findet.<\/p>\n<p>Zwischen Bonnieux und Saignon liegt der For\u00eat des C\u00e8dres, eine wahre Entdecken im Kleinen Luberon: der einmalige Zedernwald. K\u00fchl und schattig, im Sommer sehr beliebt, bietet dieser Wald die Gelegenheit, die Arbeit der F\u00f6rster besser kennenzulernen, Rast zu machen oder inmitten dieser herrlichen Gegend zu wandern, mit einmaligem Blick auf den Luberon, den Mont-Ventoux, und in der Ferne den Etang de Berre und die Vorberge um Marseille.<\/p>\n<p>Zahlreiche kleinere D\u00f6rfer und Ortschaften, villages, liegen um einzelne Berge und H\u00fcgel geschmiegt, beindrucken mit Silhouetten in unterschiedlichen Ockert\u00f6nen und verdienen ausnahmslos ausf\u00fchrlichere Beschreibungen.<\/p>\n<p><a href=\"http:\/\/loewin.de\/blog\/naturpark-luberon-mein-herz-dem-vaucluse-teil-2\/saignon\/\" rel=\"attachment wp-att-2624\"><img loading=\"lazy\" class=\"alignnone size-medium wp-image-2624\" src=\"http:\/\/loewin.de\/blog\/wp-content\/uploads\/2015\/04\/Saignon-300x225.jpg\" alt=\"Saignon\" width=\"300\" height=\"225\" srcset=\"https:\/\/www.loewin.de\/blog\/wp-content\/uploads\/2015\/04\/Saignon-300x225.jpg 300w, https:\/\/www.loewin.de\/blog\/wp-content\/uploads\/2015\/04\/Saignon-600x450.jpg 600w, https:\/\/www.loewin.de\/blog\/wp-content\/uploads\/2015\/04\/Saignon.jpg 800w\" sizes=\"(max-width: 300px) 100vw, 300px\" \/><\/a> <a href=\"http:\/\/loewin.de\/blog\/naturpark-luberon-mein-herz-dem-vaucluse-teil-2\/saignon4\/\" rel=\"attachment wp-att-2623\"><img loading=\"lazy\" class=\"alignnone size-medium wp-image-2623\" src=\"http:\/\/loewin.de\/blog\/wp-content\/uploads\/2015\/04\/Saignon4-300x225.jpg\" alt=\"Saignon4\" width=\"300\" height=\"225\" srcset=\"https:\/\/www.loewin.de\/blog\/wp-content\/uploads\/2015\/04\/Saignon4-300x225.jpg 300w, https:\/\/www.loewin.de\/blog\/wp-content\/uploads\/2015\/04\/Saignon4-600x450.jpg 600w, https:\/\/www.loewin.de\/blog\/wp-content\/uploads\/2015\/04\/Saignon4.jpg 800w\" sizes=\"(max-width: 300px) 100vw, 300px\" \/><\/a><\/p>\n<p>Saignon hat derzeit etwas \u00fcber 1000 Einwohner, der Ortskern besticht mit seinen kleinen Gassen und dem zentralen Platz mit Brunnen, die Kirche Notre-Dame-de-Piti\u00e9 wurde im 11. und 12. Jahrhundert erbaut und vom Aussichtsfelsen genie\u00dft man Blicke \u00fcber die Berge des Vaucluse bis zum Mont Ventoux. Gerne esse ich im Restaurant \u201eLe comptoir de Balthazar\u201c am Place de l&#8217;\u00e9glise auf der \u00fcberdachten Terrasse vor dem Haus, auf der nur wenige Tische Platz finden. Man w\u00e4hlt die jeweiligen G\u00e4nge aus dem Tagesangebot und es sind wenige. Wasser steht in den pastellfarbenen Flaschen und aufgefordert auf dem Tisch.<\/p>\n<div id=\"attachment_2619\" style=\"width: 310px\" class=\"wp-caption aligncenter\"><a href=\"http:\/\/loewin.de\/blog\/naturpark-luberon-mein-herz-dem-vaucluse-teil-2\/20130808_132242\/\" rel=\"attachment wp-att-2619\"><img aria-describedby=\"caption-attachment-2619\" loading=\"lazy\" class=\"size-medium wp-image-2619\" src=\"http:\/\/loewin.de\/blog\/wp-content\/uploads\/2015\/04\/20130808_132242-300x168.jpg\" alt=\"Blick von Lacoste\" width=\"300\" height=\"168\" srcset=\"https:\/\/www.loewin.de\/blog\/wp-content\/uploads\/2015\/04\/20130808_132242-300x168.jpg 300w, https:\/\/www.loewin.de\/blog\/wp-content\/uploads\/2015\/04\/20130808_132242-600x338.jpg 600w, https:\/\/www.loewin.de\/blog\/wp-content\/uploads\/2015\/04\/20130808_132242.jpg 800w\" sizes=\"(max-width: 300px) 100vw, 300px\" \/><\/a><p id=\"caption-attachment-2619\" class=\"wp-caption-text\">Blick von Lacoste<\/p><\/div>\n<p>Von der Schlossruine der Familie de Sade in Lacoste hat man eine wunderbare Aussicht auf das gegen\u00fcberliegende Bonnieux das Tal und die Berge.<\/p>\n<div id=\"attachment_495\" style=\"width: 310px\" class=\"wp-caption aligncenter\"><a href=\"http:\/\/loewin.de\/blog\/winter-in-der-provence-wir-laden-ein\/bild1652\/\" rel=\"attachment wp-att-495\"><img aria-describedby=\"caption-attachment-495\" loading=\"lazy\" class=\"size-medium wp-image-495\" src=\"http:\/\/loewin.de\/blog\/wp-content\/uploads\/2013\/04\/Bild1652-300x225.jpg\" alt=\"Blick auf Gordes\" width=\"300\" height=\"225\" srcset=\"https:\/\/www.loewin.de\/blog\/wp-content\/uploads\/2013\/04\/Bild1652-300x225.jpg 300w, https:\/\/www.loewin.de\/blog\/wp-content\/uploads\/2013\/04\/Bild1652-600x450.jpg 600w, https:\/\/www.loewin.de\/blog\/wp-content\/uploads\/2013\/04\/Bild1652.jpg 800w\" sizes=\"(max-width: 300px) 100vw, 300px\" \/><\/a><p id=\"caption-attachment-495\" class=\"wp-caption-text\">Blick auf Gordes<\/p><\/div>\n<p>Die Fahrt von Apt durch die Schlucht von Lourmarin die den Grand Luberon vom Petite Luberon von Ost nach West durchtrennt, ist atemberaubend. Im Schloss von Lourmarin finden viele interessante Veranstaltungen statt. Auf dem Friedhof ist die letzte Ruhest\u00e4dte des Schriftstellers Albert Camus.<\/p>\n<div id=\"attachment_2533\" style=\"width: 310px\" class=\"wp-caption aligncenter\"><a href=\"http:\/\/loewin.de\/blog\/naturpark-luberon-mein-herz-dem-vaucluse-teil-2\/20150320_173630\/\" rel=\"attachment wp-att-2533\"><img aria-describedby=\"caption-attachment-2533\" loading=\"lazy\" class=\"size-medium wp-image-2533\" src=\"http:\/\/loewin.de\/blog\/wp-content\/uploads\/2015\/03\/20150320_173630-300x168.jpg\" alt=\"Schloss von Lourmarin\" width=\"300\" height=\"168\" srcset=\"https:\/\/www.loewin.de\/blog\/wp-content\/uploads\/2015\/03\/20150320_173630-300x168.jpg 300w, https:\/\/www.loewin.de\/blog\/wp-content\/uploads\/2015\/03\/20150320_173630-1024x576.jpg 1024w, https:\/\/www.loewin.de\/blog\/wp-content\/uploads\/2015\/03\/20150320_173630-600x338.jpg 600w, https:\/\/www.loewin.de\/blog\/wp-content\/uploads\/2015\/03\/20150320_173630-800x450.jpg 800w, https:\/\/www.loewin.de\/blog\/wp-content\/uploads\/2015\/03\/20150320_173630.jpg 1200w\" sizes=\"(max-width: 300px) 100vw, 300px\" \/><\/a><p id=\"caption-attachment-2533\" class=\"wp-caption-text\">Schloss von Lourmarin<\/p><\/div>\n<p>&nbsp;<\/p>\n<p>Es ist mir unm\u00f6glich hier abschlie\u00dfend mit der geb\u00fchrenden Ausf\u00fchrlichkeit zu beschreiben, was die Aufmerksamkeit und das Interesse beansprucht.<\/p>\n<div id=\"attachment_2536\" style=\"width: 310px\" class=\"wp-caption alignleft\"><a href=\"http:\/\/loewin.de\/blog\/naturpark-luberon-mein-herz-dem-vaucluse-teil-2\/20150323_140726\/\" rel=\"attachment wp-att-2536\"><img aria-describedby=\"caption-attachment-2536\" loading=\"lazy\" class=\"size-medium wp-image-2536 alignnone aligncenter\" src=\"http:\/\/loewin.de\/blog\/wp-content\/uploads\/2015\/03\/20150323_140726-300x168.jpg\" alt=\"Col de Murs\" width=\"300\" height=\"168\" srcset=\"https:\/\/www.loewin.de\/blog\/wp-content\/uploads\/2015\/03\/20150323_140726-300x168.jpg 300w, https:\/\/www.loewin.de\/blog\/wp-content\/uploads\/2015\/03\/20150323_140726-1024x576.jpg 1024w, https:\/\/www.loewin.de\/blog\/wp-content\/uploads\/2015\/03\/20150323_140726-600x338.jpg 600w, https:\/\/www.loewin.de\/blog\/wp-content\/uploads\/2015\/03\/20150323_140726-800x450.jpg 800w, https:\/\/www.loewin.de\/blog\/wp-content\/uploads\/2015\/03\/20150323_140726.jpg 1200w\" sizes=\"(max-width: 300px) 100vw, 300px\" \/><\/a><p id=\"caption-attachment-2536\" class=\"wp-caption-text\">Col de Murs<\/p><\/div>\n<div id=\"attachment_704\" style=\"width: 178px\" class=\"wp-caption alignnone\"><a href=\"http:\/\/loewin.de\/blog\/naturpark-luberon-mein-herz-dem-vaucluse-teil-2\/20130706_171728\/\" rel=\"attachment wp-att-704\"><img aria-describedby=\"caption-attachment-704\" loading=\"lazy\" class=\"size-medium wp-image-704 aligncenter\" src=\"http:\/\/loewin.de\/blog\/wp-content\/uploads\/2013\/07\/20130706_171728-168x300.jpg\" alt=\"Lavendelfeld mit Blick auf den Grand Luberon\" width=\"168\" height=\"300\" srcset=\"https:\/\/www.loewin.de\/blog\/wp-content\/uploads\/2013\/07\/20130706_171728-168x300.jpg 168w, https:\/\/www.loewin.de\/blog\/wp-content\/uploads\/2013\/07\/20130706_171728.jpg 450w\" sizes=\"(max-width: 168px) 100vw, 168px\" \/><\/a><p id=\"caption-attachment-704\" class=\"wp-caption-text\">Lavendelfeld mit Blick auf den Grand Luberon<\/p><\/div>\n<p>Die Begegnungen mit den Menschen und deren Geschichten w\u00fcrden separate Berichte f\u00fcllen. Ein Weinbauer muss jedes Mal lachen, wenn wir uns begegnen. Fragte er mich doch in den ersten Monaten meiner Ankunft, f\u00fcr meine Ohren, wie ich die Schuhe finde. Ja, ich verstand, dass er fragte, wie ich die Schuhe finden w\u00fcrde und ich war sehr erstaunt und lobte dann sein Schuhe. Worauf er mich sehr erstaunt anschaute und loslachte. Er fragte mich aber, wie ich die J\u00e4ger finde. Schuhe (les chaussures) und J\u00e4ger (les chasseurs) klingen im Franz\u00f6sischen sehr \u00e4hnlich und kannte damals das Wort f\u00fcr J\u00e4ger noch gar nicht. Und ich werde es nie wieder vergessen!<\/p>\n<div id=\"attachment_125\" style=\"width: 310px\" class=\"wp-caption aligncenter\"><a href=\"http:\/\/loewin.de\/blog\/naturpark-luberon-mein-herz-dem-vaucluse-teil-2\/20121206_154709\/\" rel=\"attachment wp-att-125\"><img aria-describedby=\"caption-attachment-125\" loading=\"lazy\" class=\"size-medium wp-image-125\" src=\"http:\/\/loewin.de\/blog\/wp-content\/uploads\/2013\/01\/20121206_154709-300x225.jpg\" alt=\"Winterbesch\u00e4ftigung eines Lavendelbauern\" width=\"300\" height=\"225\" srcset=\"https:\/\/www.loewin.de\/blog\/wp-content\/uploads\/2013\/01\/20121206_154709-300x225.jpg 300w, https:\/\/www.loewin.de\/blog\/wp-content\/uploads\/2013\/01\/20121206_154709-624x468.jpg 624w, https:\/\/www.loewin.de\/blog\/wp-content\/uploads\/2013\/01\/20121206_154709-600x450.jpg 600w, https:\/\/www.loewin.de\/blog\/wp-content\/uploads\/2013\/01\/20121206_154709.jpg 800w\" sizes=\"(max-width: 300px) 100vw, 300px\" \/><\/a><p id=\"caption-attachment-125\" class=\"wp-caption-text\">Winterbesch\u00e4ftigung eines Lavendelbauern<\/p><\/div>\n<p><iframe loading=\"lazy\" style=\"width: 120px; height: 240px;\" src=\"\/\/ws-eu.amazon-adsystem.com\/widgets\/q?ServiceVersion=20070822&amp;OneJS=1&amp;Operation=GetAdHtml&amp;MarketPlace=DE&amp;source=ac&amp;ref=qf_sp_asin_til&amp;ad_type=product_link&amp;tracking_id=lavieestbelda-21&amp;marketplace=amazon&amp;region=DE&amp;placement=3770180461&amp;asins=3770180461&amp;linkId=3PVIYHHARV6AHDVV&amp;show_border=true&amp;link_opens_in_new_window=true\" width=\"300\" height=\"150\" frameborder=\"0\" marginwidth=\"0\" marginheight=\"0\" scrolling=\"no\"><br \/>\n<\/iframe><\/p>\n","protected":false},"excerpt":{"rendered":"<p>Samstags auf dem typisch provenzalischen Markt in Apt treffen sich Urlauber und Einwohner aus dem ganzen Luberon, dem Parc naturel r\u00e9gional du Luberon, in den unz\u00e4hligen Caf\u00e9s zu Kaffee, eisgek\u00fchltem Wei\u00dfwein und Pastis. In die meisten Bars und Caf\u00e9s bringt &hellip; <a href=\"https:\/\/www.loewin.de\/blog\/naturpark-luberon-mein-herz-dem-vaucluse-teil-2\/\">Weiterlesen <span class=\"meta-nav\">&rarr;<\/span><\/a><\/p>\n","protected":false},"author":1,"featured_media":0,"comment_status":"open","ping_status":"open","sticky":false,"template":"","format":"standard","meta":{"ngg_post_thumbnail":0},"categories":[1,11,8,10,9,80],"tags":[278,174,188,189,280,183,185,54],"_links":{"self":[{"href":"https:\/\/www.loewin.de\/blog\/wp-json\/wp\/v2\/posts\/2613"}],"collection":[{"href":"https:\/\/www.loewin.de\/blog\/wp-json\/wp\/v2\/posts"}],"about":[{"href":"https:\/\/www.loewin.de\/blog\/wp-json\/wp\/v2\/types\/post"}],"author":[{"embeddable":true,"href":"https:\/\/www.loewin.de\/blog\/wp-json\/wp\/v2\/users\/1"}],"replies":[{"embeddable":true,"href":"https:\/\/www.loewin.de\/blog\/wp-json\/wp\/v2\/comments?post=2613"}],"version-history":[{"count":9,"href":"https:\/\/www.loewin.de\/blog\/wp-json\/wp\/v2\/posts\/2613\/revisions"}],"predecessor-version":[{"id":2695,"href":"https:\/\/www.loewin.de\/blog\/wp-json\/wp\/v2\/posts\/2613\/revisions\/2695"}],"wp:attachment":[{"href":"https:\/\/www.loewin.de\/blog\/wp-json\/wp\/v2\/media?parent=2613"}],"wp:term":[{"taxonomy":"category","embeddable":true,"href":"https:\/\/www.loewin.de\/blog\/wp-json\/wp\/v2\/categories?post=2613"},{"taxonomy":"post_tag","embeddable":true,"href":"https:\/\/www.loewin.de\/blog\/wp-json\/wp\/v2\/tags?post=2613"}],"curies":[{"name":"wp","href":"https:\/\/api.w.org\/{rel}","templated":true}]}}