{"id":2730,"date":"2015-05-18T10:52:05","date_gmt":"2015-05-18T08:52:05","guid":{"rendered":"http:\/\/loewin.de\/blog\/?p=2730"},"modified":"2015-05-18T10:54:17","modified_gmt":"2015-05-18T08:54:17","slug":"crepes-roellchen-rouleaux-de-crepe","status":"publish","type":"post","link":"https:\/\/www.loewin.de\/blog\/crepes-roellchen-rouleaux-de-crepe\/","title":{"rendered":"Crepes-R\u00f6llchen \/ rouleaux de cr\u00eape"},"content":{"rendered":"<div id=\"attachment_2729\" style=\"width: 310px\" class=\"wp-caption aligncenter\"><a href=\"http:\/\/loewin.de\/blog\/crepes-roellchen-rouleaux-de-crepe\/20150513_145828\/\" rel=\"attachment wp-att-2729\"><img aria-describedby=\"caption-attachment-2729\" loading=\"lazy\" class=\"size-medium wp-image-2729\" src=\"http:\/\/loewin.de\/blog\/wp-content\/uploads\/2015\/05\/20150513_145828-300x169.jpg\" alt=\"Crepes-R\u00f6llchen\" width=\"300\" height=\"169\" srcset=\"https:\/\/www.loewin.de\/blog\/wp-content\/uploads\/2015\/05\/20150513_145828-300x169.jpg 300w, https:\/\/www.loewin.de\/blog\/wp-content\/uploads\/2015\/05\/20150513_145828-1024x576.jpg 1024w, https:\/\/www.loewin.de\/blog\/wp-content\/uploads\/2015\/05\/20150513_145828-800x450.jpg 800w, https:\/\/www.loewin.de\/blog\/wp-content\/uploads\/2015\/05\/20150513_145828-600x338.jpg 600w, https:\/\/www.loewin.de\/blog\/wp-content\/uploads\/2015\/05\/20150513_145828.jpg 1200w\" sizes=\"(max-width: 300px) 100vw, 300px\" \/><\/a><p id=\"caption-attachment-2729\" class=\"wp-caption-text\">Rezepte aus dem Luberon: Crepes-R\u00f6llchen<\/p><\/div>\n<p>mit Schokolade und Obst gef\u00fcllte, gerollte Crepes in handlichen St\u00fcckchen &#8230;<\/p>\n<p>F\u00fcr den Crepeteig:<\/p>\n<p><!--more--><\/p>\n<p>1 Ei, 200 ml Milch, 100 gr Mehl, etwas Zucker nach Geschmack und eine Messerspitze Backpulver &#8230; die Zutaten schaumig r\u00fchren und so d\u00fcnn wie m\u00f6glich ausbacken<\/p>\n<p>F\u00fcr die F\u00fcllung:<\/p>\n<p>100 gr dunkle Kuvert\u00fcre, ein Schu\u00df Rotwein oder einen Obstsaft, 100 gr p\u00fcrierte Erdbeeren, 20 ml Sahne &#8230; die Kuvert\u00fcre mit dem Rotwein oder Saft und der Sahne vorsichtig einschmelzen, das Obstp\u00fcree untermischen<\/p>\n<p>Die Crepes gleichm\u00e4\u00dfig mit der F\u00fcllung bestreichen, zusammenrollen und ich ca. 2 &#8211; 3 cm lange St\u00fcckchen schneiden &#8230;<\/p>\n<p>Guten Appetit \ud83d\ude42<\/p>\n","protected":false},"excerpt":{"rendered":"<p>mit Schokolade und Obst gef\u00fcllte, gerollte Crepes in handlichen St\u00fcckchen &#8230; F\u00fcr den Crepeteig:<\/p>\n","protected":false},"author":1,"featured_media":2728,"comment_status":"open","ping_status":"open","sticky":false,"template":"","format":"standard","meta":{"ngg_post_thumbnail":0},"categories":[1,2,8,10,9],"tags":[5,210],"_links":{"self":[{"href":"https:\/\/www.loewin.de\/blog\/wp-json\/wp\/v2\/posts\/2730"}],"collection":[{"href":"https:\/\/www.loewin.de\/blog\/wp-json\/wp\/v2\/posts"}],"about":[{"href":"https:\/\/www.loewin.de\/blog\/wp-json\/wp\/v2\/types\/post"}],"author":[{"embeddable":true,"href":"https:\/\/www.loewin.de\/blog\/wp-json\/wp\/v2\/users\/1"}],"replies":[{"embeddable":true,"href":"https:\/\/www.loewin.de\/blog\/wp-json\/wp\/v2\/comments?post=2730"}],"version-history":[{"count":3,"href":"https:\/\/www.loewin.de\/blog\/wp-json\/wp\/v2\/posts\/2730\/revisions"}],"predecessor-version":[{"id":2734,"href":"https:\/\/www.loewin.de\/blog\/wp-json\/wp\/v2\/posts\/2730\/revisions\/2734"}],"wp:featuredmedia":[{"embeddable":true,"href":"https:\/\/www.loewin.de\/blog\/wp-json\/wp\/v2\/media\/2728"}],"wp:attachment":[{"href":"https:\/\/www.loewin.de\/blog\/wp-json\/wp\/v2\/media?parent=2730"}],"wp:term":[{"taxonomy":"category","embeddable":true,"href":"https:\/\/www.loewin.de\/blog\/wp-json\/wp\/v2\/categories?post=2730"},{"taxonomy":"post_tag","embeddable":true,"href":"https:\/\/www.loewin.de\/blog\/wp-json\/wp\/v2\/tags?post=2730"}],"curies":[{"name":"wp","href":"https:\/\/api.w.org\/{rel}","templated":true}]}}